{"id":1088,"date":"2024-02-08T11:38:56","date_gmt":"2024-02-08T10:38:56","guid":{"rendered":"https:\/\/coursdedesinfox.blog.ac-lyon.fr\/wordpress\/?p=1088"},"modified":"2024-02-08T11:39:51","modified_gmt":"2024-02-08T10:39:51","slug":"la-cour-internationale-de-justice-et-le-crime-de-genocide-analyse-du-specialiste-yann-jurovics-ancien-juriste-aupres-des-tribunaux-penaux-internationaux-pour-lex-yougoslavie-et-pour-le-rwa","status":"publish","type":"post","link":"https:\/\/coursdedesinfox.blog.ac-lyon.fr\/wordpress\/2024\/02\/08\/la-cour-internationale-de-justice-et-le-crime-de-genocide-analyse-du-specialiste-yann-jurovics-ancien-juriste-aupres-des-tribunaux-penaux-internationaux-pour-lex-yougoslavie-et-pour-le-rwa\/","title":{"rendered":"La Cour internationale de Justice et le crime de g\u00e9nocide : analyse du sp\u00e9cialiste Yann Jurovics, ancien juriste aupr\u00e8s des Tribunaux P\u00e9naux Internationaux pour l\u2019ex-Yougoslavie et pour le Rwanda."},"content":{"rendered":"\n<p style=\"text-align: justify;\">Apr\u00e8s la proc\u00e9dure engag\u00e9e par l&rsquo;Afrique contre Isra\u00ebl, le juriste Yann Jurovics revient avec rigueur sur les m\u00e9canismes de la justice internationale en quatre points : la pr\u00e9sentation des comp\u00e9tences de la Cour internationale de Justice, la notion de crime de g\u00e9nocide, la proc\u00e9dure et la d\u00e9cision de la Cour suite \u00e0 la saisine de l&rsquo;Afrique du Sud et l&rsquo;analyse du conflit isra\u00e9lo-palestinien\u00a0 au prisme de la guerre et l\u2019apr\u00e8s-guerre.\u00a0<\/p>\n<p>Un article \u00e0 retrouver<a href=\"https:\/\/k-larevue.com\/israel-cij-genocide-jurovics\/\"> ici<\/a><\/p>\n","protected":false},"excerpt":{"rendered":"<p>Apr\u00e8s la proc\u00e9dure engag\u00e9e par l&rsquo;Afrique contre Isra\u00ebl, le juriste Yann Jurovics revient avec rigueur sur les m\u00e9canismes de la justice internationale en quatre points : la pr\u00e9sentation des comp\u00e9tences &hellip; <\/p>\n<p class=\"link-more\"><a href=\"https:\/\/coursdedesinfox.blog.ac-lyon.fr\/wordpress\/2024\/02\/08\/la-cour-internationale-de-justice-et-le-crime-de-genocide-analyse-du-specialiste-yann-jurovics-ancien-juriste-aupres-des-tribunaux-penaux-internationaux-pour-lex-yougoslavie-et-pour-le-rwa\/\" class=\"more-link\">Continuer la lecture<span class=\"screen-reader-text\"> de &laquo;&nbsp;La Cour internationale de Justice et le crime de g\u00e9nocide : analyse du sp\u00e9cialiste Yann Jurovics, ancien juriste aupr\u00e8s des Tribunaux P\u00e9naux Internationaux pour l\u2019ex-Yougoslavie et pour le Rwanda.&nbsp;&raquo;<\/span><\/a><\/p>\n","protected":false},"author":6,"featured_media":0,"comment_status":"closed","ping_status":"open","sticky":false,"template":"","format":"standard","meta":{"ngg_post_thumbnail":0,"_EventAllDay":false,"_EventTimezone":"","_EventStartDate":"","_EventEndDate":"","_EventStartDateUTC":"","_EventEndDateUTC":"","_EventShowMap":false,"_EventShowMapLink":false,"_EventURL":"","_EventCost":"","_EventCostDescription":"","_EventCurrencySymbol":"","_EventCurrencyCode":"","_EventCurrencyPosition":"","_EventDateTimeSeparator":"","_EventTimeRangeSeparator":"","_EventOrganizerID":[],"_EventVenueID":0,"_OrganizerEmail":"","_OrganizerPhone":"","_OrganizerWebsite":"","_VenueAddress":"","_VenueCity":"","_VenueCountry":"","_VenueProvince":"","_VenueZip":"","_VenuePhone":"","_VenueURL":"","_VenueStateProvince":"","_VenueLat":"","_VenueLng":"","footnotes":""},"categories":[3,149,24],"tags":[150,249,103],"class_list":["post-1088","post","type-post","status-publish","format-standard","hentry","category-a-la-une","category-israel-palestine","category-genocides","tag-conflit-israelo-palestinien","tag-cour-internationale-de-justice","tag-genocide"],"_links":{"self":[{"href":"https:\/\/coursdedesinfox.blog.ac-lyon.fr\/wordpress\/wp-json\/wp\/v2\/posts\/1088","targetHints":{"allow":["GET"]}}],"collection":[{"href":"https:\/\/coursdedesinfox.blog.ac-lyon.fr\/wordpress\/wp-json\/wp\/v2\/posts"}],"about":[{"href":"https:\/\/coursdedesinfox.blog.ac-lyon.fr\/wordpress\/wp-json\/wp\/v2\/types\/post"}],"author":[{"embeddable":true,"href":"https:\/\/coursdedesinfox.blog.ac-lyon.fr\/wordpress\/wp-json\/wp\/v2\/users\/6"}],"replies":[{"embeddable":true,"href":"https:\/\/coursdedesinfox.blog.ac-lyon.fr\/wordpress\/wp-json\/wp\/v2\/comments?post=1088"}],"version-history":[{"count":1,"href":"https:\/\/coursdedesinfox.blog.ac-lyon.fr\/wordpress\/wp-json\/wp\/v2\/posts\/1088\/revisions"}],"predecessor-version":[{"id":1089,"href":"https:\/\/coursdedesinfox.blog.ac-lyon.fr\/wordpress\/wp-json\/wp\/v2\/posts\/1088\/revisions\/1089"}],"wp:attachment":[{"href":"https:\/\/coursdedesinfox.blog.ac-lyon.fr\/wordpress\/wp-json\/wp\/v2\/media?parent=1088"}],"wp:term":[{"taxonomy":"category","embeddable":true,"href":"https:\/\/coursdedesinfox.blog.ac-lyon.fr\/wordpress\/wp-json\/wp\/v2\/categories?post=1088"},{"taxonomy":"post_tag","embeddable":true,"href":"https:\/\/coursdedesinfox.blog.ac-lyon.fr\/wordpress\/wp-json\/wp\/v2\/tags?post=1088"}],"curies":[{"name":"wp","href":"https:\/\/api.w.org\/{rel}","templated":true}]}}