{"id":1090,"date":"2024-02-08T11:51:28","date_gmt":"2024-02-08T10:51:28","guid":{"rendered":"https:\/\/coursdedesinfox.blog.ac-lyon.fr\/wordpress\/?p=1090"},"modified":"2024-02-08T11:53:47","modified_gmt":"2024-02-08T10:53:47","slug":"enquete-sur-la-piste-des-86-memoires-dun-crime-nazi","status":"publish","type":"post","link":"https:\/\/coursdedesinfox.blog.ac-lyon.fr\/wordpress\/2024\/02\/08\/enquete-sur-la-piste-des-86-memoires-dun-crime-nazi\/","title":{"rendered":"Enqu\u00eate : Sur la piste des 86, m\u00e9moires d\u2019un crime\u00a0nazi."},"content":{"rendered":"\n<p style=\"text-align: justify;\">Pendant plus de 70 ans, des particuliers, associations, chercheurs, militants, journalistes, m\u00e9decins et anonymes se sont battus pour rendre leur identit\u00e9 et leur dignit\u00e9 \u00e0 86 personnes juives, victimes d&rsquo;un crime nazi survenu en Alsace en 1943. Cet \u00e9pisode est longtemps rest\u00e9 ignor\u00e9 de la m\u00e9moire collective. Jeanne Teboul, anthropologue,\u00a0 enqu\u00eate sur celles et ceux qui ont men\u00e9 ce combat contre l&rsquo;oubli.\u00a0 Dans ce r\u00e9cit in\u00e9dit, elle revient sur les d\u00e9tails de cette histoire tragique, et retrace la m\u00e9morialisation complexe de ce crime dans la soci\u00e9t\u00e9 alsacienne contemporaine.<\/p>\n<p>Une enqu\u00eate en 5 \u00e9pisodes \u00e0 retrouver <a href=\"https:\/\/theconversation.com\/enquete-sur-la-piste-des-86-memoires-dun-crime-nazi-220899\">ici<\/a>.\u00a0<\/p>\n","protected":false},"excerpt":{"rendered":"<p>Pendant plus de 70 ans, des particuliers, associations, chercheurs, militants, journalistes, m\u00e9decins et anonymes se sont battus pour rendre leur identit\u00e9 et leur dignit\u00e9 \u00e0 86 personnes juives, victimes d&rsquo;un &hellip; <\/p>\n<p class=\"link-more\"><a href=\"https:\/\/coursdedesinfox.blog.ac-lyon.fr\/wordpress\/2024\/02\/08\/enquete-sur-la-piste-des-86-memoires-dun-crime-nazi\/\" class=\"more-link\">Continuer la lecture<span class=\"screen-reader-text\"> de &laquo;&nbsp;Enqu\u00eate : Sur la piste des 86, m\u00e9moires d\u2019un crime\u00a0nazi.&nbsp;&raquo;<\/span><\/a><\/p>\n","protected":false},"author":6,"featured_media":0,"comment_status":"closed","ping_status":"open","sticky":false,"template":"","format":"standard","meta":{"ngg_post_thumbnail":0,"_EventAllDay":false,"_EventTimezone":"","_EventStartDate":"","_EventEndDate":"","_EventStartDateUTC":"","_EventEndDateUTC":"","_EventShowMap":false,"_EventShowMapLink":false,"_EventURL":"","_EventCost":"","_EventCostDescription":"","_EventCurrencySymbol":"","_EventCurrencyCode":"","_EventCurrencyPosition":"","_EventDateTimeSeparator":"","_EventTimeRangeSeparator":"","_EventOrganizerID":[],"_EventVenueID":0,"_OrganizerEmail":"","_OrganizerPhone":"","_OrganizerWebsite":"","_VenueAddress":"","_VenueCity":"","_VenueCountry":"","_VenueProvince":"","_VenueZip":"","_VenuePhone":"","_VenueURL":"","_VenueStateProvince":"","_VenueLat":"","_VenueLng":"","footnotes":""},"categories":[3,24,22],"tags":[250,103,253,252,251],"class_list":["post-1090","post","type-post","status-publish","format-standard","hentry","category-a-la-une","category-genocides","category-racisme-antisemitisme-xenophobie","tag-alsace","tag-genocide","tag-natzweiler-struthof","tag-professeur-hirt","tag-universite-de-strasbourg"],"_links":{"self":[{"href":"https:\/\/coursdedesinfox.blog.ac-lyon.fr\/wordpress\/wp-json\/wp\/v2\/posts\/1090","targetHints":{"allow":["GET"]}}],"collection":[{"href":"https:\/\/coursdedesinfox.blog.ac-lyon.fr\/wordpress\/wp-json\/wp\/v2\/posts"}],"about":[{"href":"https:\/\/coursdedesinfox.blog.ac-lyon.fr\/wordpress\/wp-json\/wp\/v2\/types\/post"}],"author":[{"embeddable":true,"href":"https:\/\/coursdedesinfox.blog.ac-lyon.fr\/wordpress\/wp-json\/wp\/v2\/users\/6"}],"replies":[{"embeddable":true,"href":"https:\/\/coursdedesinfox.blog.ac-lyon.fr\/wordpress\/wp-json\/wp\/v2\/comments?post=1090"}],"version-history":[{"count":1,"href":"https:\/\/coursdedesinfox.blog.ac-lyon.fr\/wordpress\/wp-json\/wp\/v2\/posts\/1090\/revisions"}],"predecessor-version":[{"id":1092,"href":"https:\/\/coursdedesinfox.blog.ac-lyon.fr\/wordpress\/wp-json\/wp\/v2\/posts\/1090\/revisions\/1092"}],"wp:attachment":[{"href":"https:\/\/coursdedesinfox.blog.ac-lyon.fr\/wordpress\/wp-json\/wp\/v2\/media?parent=1090"}],"wp:term":[{"taxonomy":"category","embeddable":true,"href":"https:\/\/coursdedesinfox.blog.ac-lyon.fr\/wordpress\/wp-json\/wp\/v2\/categories?post=1090"},{"taxonomy":"post_tag","embeddable":true,"href":"https:\/\/coursdedesinfox.blog.ac-lyon.fr\/wordpress\/wp-json\/wp\/v2\/tags?post=1090"}],"curies":[{"name":"wp","href":"https:\/\/api.w.org\/{rel}","templated":true}]}}