{"id":449,"date":"2021-06-21T12:42:04","date_gmt":"2021-06-21T10:42:04","guid":{"rendered":"https:\/\/coursdedesinfox.blog.ac-lyon.fr\/wordpress\/?p=449"},"modified":"2021-07-02T18:35:33","modified_gmt":"2021-07-02T16:35:33","slug":"le-complotisme-a-lheure-de-la-pandemie-de-covid-19","status":"publish","type":"post","link":"https:\/\/coursdedesinfox.blog.ac-lyon.fr\/wordpress\/2021\/06\/21\/le-complotisme-a-lheure-de-la-pandemie-de-covid-19\/","title":{"rendered":"Le complotisme \u00e0 l&rsquo;heure de la pand\u00e9mie de Covid-19"},"content":{"rendered":"<p>Support de travail pour les \u00e9l\u00e8ves de Seconde<\/p>\n<p><iframe class=\"wp-embedded-content\" sandbox=\"allow-scripts\" security=\"restricted\" title=\"Complotisme et Presse\" frameborder='0' width='1200' height='675' src='https:\/\/view.genial.ly\/6041ee95b683140d1078bfc9#?secret=Ar6ykbc1Pn' data-secret='Ar6ykbc1Pn' scrolling='yes'><\/iframe><\/p>\n","protected":false},"excerpt":{"rendered":"<p>Support de travail pour les \u00e9l\u00e8ves de Seconde<\/p>\n","protected":false},"author":6,"featured_media":0,"comment_status":"closed","ping_status":"open","sticky":false,"template":"","format":"standard","meta":{"ngg_post_thumbnail":0,"_EventAllDay":false,"_EventTimezone":"","_EventStartDate":"","_EventEndDate":"","_EventStartDateUTC":"","_EventEndDateUTC":"","_EventShowMap":false,"_EventShowMapLink":false,"_EventURL":"","_EventCost":"","_EventCostDescription":"","_EventCurrencySymbol":"","_EventCurrencyCode":"","_EventCurrencyPosition":"","_EventDateTimeSeparator":"","_EventTimeRangeSeparator":"","_EventOrganizerID":[],"_EventVenueID":0,"_OrganizerEmail":"","_OrganizerPhone":"","_OrganizerWebsite":"","_VenueAddress":"","_VenueCity":"","_VenueCountry":"","_VenueProvince":"","_VenueZip":"","_VenuePhone":"","_VenueURL":"","_VenueStateProvince":"","_VenueLat":"","_VenueLng":"","footnotes":""},"categories":[1,10,9],"tags":[34,49,48],"class_list":["post-449","post","type-post","status-publish","format-standard","hentry","category-parole-eleves","category-revue-de-presse-2021","category-une-de-presse-2021","tag-complotisme","tag-covid-19","tag-pandemie"],"_links":{"self":[{"href":"https:\/\/coursdedesinfox.blog.ac-lyon.fr\/wordpress\/wp-json\/wp\/v2\/posts\/449","targetHints":{"allow":["GET"]}}],"collection":[{"href":"https:\/\/coursdedesinfox.blog.ac-lyon.fr\/wordpress\/wp-json\/wp\/v2\/posts"}],"about":[{"href":"https:\/\/coursdedesinfox.blog.ac-lyon.fr\/wordpress\/wp-json\/wp\/v2\/types\/post"}],"author":[{"embeddable":true,"href":"https:\/\/coursdedesinfox.blog.ac-lyon.fr\/wordpress\/wp-json\/wp\/v2\/users\/6"}],"replies":[{"embeddable":true,"href":"https:\/\/coursdedesinfox.blog.ac-lyon.fr\/wordpress\/wp-json\/wp\/v2\/comments?post=449"}],"version-history":[{"count":2,"href":"https:\/\/coursdedesinfox.blog.ac-lyon.fr\/wordpress\/wp-json\/wp\/v2\/posts\/449\/revisions"}],"predecessor-version":[{"id":451,"href":"https:\/\/coursdedesinfox.blog.ac-lyon.fr\/wordpress\/wp-json\/wp\/v2\/posts\/449\/revisions\/451"}],"wp:attachment":[{"href":"https:\/\/coursdedesinfox.blog.ac-lyon.fr\/wordpress\/wp-json\/wp\/v2\/media?parent=449"}],"wp:term":[{"taxonomy":"category","embeddable":true,"href":"https:\/\/coursdedesinfox.blog.ac-lyon.fr\/wordpress\/wp-json\/wp\/v2\/categories?post=449"},{"taxonomy":"post_tag","embeddable":true,"href":"https:\/\/coursdedesinfox.blog.ac-lyon.fr\/wordpress\/wp-json\/wp\/v2\/tags?post=449"}],"curies":[{"name":"wp","href":"https:\/\/api.w.org\/{rel}","templated":true}]}}