{"id":621,"date":"2021-09-12T15:36:46","date_gmt":"2021-09-12T13:36:46","guid":{"rendered":"https:\/\/coursdedesinfox.blog.ac-lyon.fr\/wordpress\/?p=621"},"modified":"2021-09-12T15:38:15","modified_gmt":"2021-09-12T13:38:15","slug":"11-septembre-2001-les-huit-principales-theories-du-complot-decortiquees","status":"publish","type":"post","link":"https:\/\/coursdedesinfox.blog.ac-lyon.fr\/wordpress\/2021\/09\/12\/11-septembre-2001-les-huit-principales-theories-du-complot-decortiquees\/","title":{"rendered":"\u00ab\u00a011 septembre 2001 : les huit principales th\u00e9ories du complot d\u00e9cortiqu\u00e9es\u00a0\u00bb"},"content":{"rendered":"\n<p style=\"text-align: justify;\">\u00ab\u00a0L\u2019\u00e9trange effondrement de la tour n\u00b0 7, des mouvements boursiers suspects quelques jours avant les attentats, l\u2019absence de trace d\u2019avion sur le site du Pentagone\u2026 Depuis vingt ans, les attentats du 11 septembre 2001 ont \u00e9t\u00e9 au c\u0153ur de nombreuses th\u00e9ories complotistes. Ces doutes ont profond\u00e9ment marqu\u00e9 les esprits et demeurent une porte d\u2019entr\u00e9e majeure dans le conspirationnisme, m\u00eame si le Covid-19 l\u2019a depuis supplant\u00e9 dans ce domaine. Nous avons repris les huit interrogations les plus fr\u00e9quentes, pour tenter d\u2019y mettre un terme.\u00a0\u00bb<\/p>\n<p><img decoding=\"async\" class=\"alignnone  wp-image-622 aligncenter\" src=\"https:\/\/coursdedesinfox.blog.ac-lyon.fr\/wordpress\/wp-content\/uploads\/2021\/09\/WTC--300x138.jpg\" alt=\"\" width=\"472\" height=\"217\" srcset=\"https:\/\/coursdedesinfox.blog.ac-lyon.fr\/wordpress\/wp-content\/uploads\/2021\/09\/WTC--300x138.jpg 300w, https:\/\/coursdedesinfox.blog.ac-lyon.fr\/wordpress\/wp-content\/uploads\/2021\/09\/WTC--1024x469.jpg 1024w, https:\/\/coursdedesinfox.blog.ac-lyon.fr\/wordpress\/wp-content\/uploads\/2021\/09\/WTC-.jpg 1200w\" sizes=\"(max-width: 472px) 100vw, 472px\" \/><\/p>\n<p style=\"text-align: center;\"><a href=\"https:\/\/www.lemonde.fr\/les-decodeurs\/article\/2021\/09\/11\/11-septembre-les-huit-principales-theories-du-complot-decortiquees_6094267_4355770.html#xtor=AL-32280270-\">https:\/\/www.lemonde.fr\/les-decodeurs\/article\/2021\/09\/11\/11-septembre-les-huit-principales-theories-du-complot-decortiquees_6094267_4355770.html#xtor=AL-32280270-<\/a><\/p>\n","protected":false},"excerpt":{"rendered":"<p>\u00ab\u00a0L\u2019\u00e9trange effondrement de la tour n\u00b0 7, des mouvements boursiers suspects quelques jours avant les attentats, l\u2019absence de trace d\u2019avion sur le site du Pentagone\u2026 Depuis vingt ans, les attentats &hellip; <\/p>\n<p class=\"link-more\"><a href=\"https:\/\/coursdedesinfox.blog.ac-lyon.fr\/wordpress\/2021\/09\/12\/11-septembre-2001-les-huit-principales-theories-du-complot-decortiquees\/\" class=\"more-link\">Continuer la lecture<span class=\"screen-reader-text\"> de &laquo;&nbsp;\u00ab\u00a011 septembre 2001 : les huit principales th\u00e9ories du complot d\u00e9cortiqu\u00e9es\u00a0\u00bb&nbsp;&raquo;<\/span><\/a><\/p>\n","protected":false},"author":6,"featured_media":0,"comment_status":"closed","ping_status":"open","sticky":false,"template":"","format":"standard","meta":{"ngg_post_thumbnail":0,"_EventAllDay":false,"_EventTimezone":"","_EventStartDate":"","_EventEndDate":"","_EventStartDateUTC":"","_EventEndDateUTC":"","_EventShowMap":false,"_EventShowMapLink":false,"_EventURL":"","_EventCost":"","_EventCostDescription":"","_EventCurrencySymbol":"","_EventCurrencyCode":"","_EventCurrencyPosition":"","_EventDateTimeSeparator":"","_EventTimeRangeSeparator":"","_EventOrganizerID":[],"_EventVenueID":0,"_OrganizerEmail":"","_OrganizerPhone":"","_OrganizerWebsite":"","_VenueAddress":"","_VenueCity":"","_VenueCountry":"","_VenueProvince":"","_VenueZip":"","_VenuePhone":"","_VenueURL":"","_VenueStateProvince":"","_VenueLat":"","_VenueLng":"","footnotes":""},"categories":[3],"tags":[146,144,143,145,34,59,147,140],"class_list":["post-621","post","type-post","status-publish","format-standard","hentry","category-a-la-une","tag-11-septembre-2001","tag-al-qaida","tag-attaques-terroristes","tag-attentats","tag-complotisme","tag-histoire","tag-theories-complotistes","tag-wtc"],"_links":{"self":[{"href":"https:\/\/coursdedesinfox.blog.ac-lyon.fr\/wordpress\/wp-json\/wp\/v2\/posts\/621","targetHints":{"allow":["GET"]}}],"collection":[{"href":"https:\/\/coursdedesinfox.blog.ac-lyon.fr\/wordpress\/wp-json\/wp\/v2\/posts"}],"about":[{"href":"https:\/\/coursdedesinfox.blog.ac-lyon.fr\/wordpress\/wp-json\/wp\/v2\/types\/post"}],"author":[{"embeddable":true,"href":"https:\/\/coursdedesinfox.blog.ac-lyon.fr\/wordpress\/wp-json\/wp\/v2\/users\/6"}],"replies":[{"embeddable":true,"href":"https:\/\/coursdedesinfox.blog.ac-lyon.fr\/wordpress\/wp-json\/wp\/v2\/comments?post=621"}],"version-history":[{"count":1,"href":"https:\/\/coursdedesinfox.blog.ac-lyon.fr\/wordpress\/wp-json\/wp\/v2\/posts\/621\/revisions"}],"predecessor-version":[{"id":623,"href":"https:\/\/coursdedesinfox.blog.ac-lyon.fr\/wordpress\/wp-json\/wp\/v2\/posts\/621\/revisions\/623"}],"wp:attachment":[{"href":"https:\/\/coursdedesinfox.blog.ac-lyon.fr\/wordpress\/wp-json\/wp\/v2\/media?parent=621"}],"wp:term":[{"taxonomy":"category","embeddable":true,"href":"https:\/\/coursdedesinfox.blog.ac-lyon.fr\/wordpress\/wp-json\/wp\/v2\/categories?post=621"},{"taxonomy":"post_tag","embeddable":true,"href":"https:\/\/coursdedesinfox.blog.ac-lyon.fr\/wordpress\/wp-json\/wp\/v2\/tags?post=621"}],"curies":[{"name":"wp","href":"https:\/\/api.w.org\/{rel}","templated":true}]}}