{"id":627,"date":"2021-09-12T16:37:34","date_gmt":"2021-09-12T14:37:34","guid":{"rendered":"https:\/\/coursdedesinfox.blog.ac-lyon.fr\/wordpress\/?p=627"},"modified":"2021-09-12T16:41:58","modified_gmt":"2021-09-12T14:41:58","slug":"le-conflit-israelo-palestinien","status":"publish","type":"post","link":"https:\/\/coursdedesinfox.blog.ac-lyon.fr\/wordpress\/2021\/09\/12\/le-conflit-israelo-palestinien\/","title":{"rendered":"Le conflit isra\u00e9lo-palestinien"},"content":{"rendered":"\n<p style=\"text-align: justify;\">Le 28 janvier 2020, Donald Trump a pr\u00e9sent\u00e9 un \u201cplan de paix\u201d cens\u00e9 r\u00e9soudre le conflit isra\u00e9lo-palestinien. Tr\u00e8s avantageux pour Isra\u00ebl, ce projet a \u00e9t\u00e9 rejet\u00e9 en bloc par l&rsquo;Autorit\u00e9 palestinienne et le Hamas. Le site du \u00ab\u00a0Courrier Internationale\u00a0\u00bb propose\u00a0 une vid\u00e9o en cartes anim\u00e9es, pour comprendre la proposition am\u00e9ricaine, mais aussi les enjeux tr\u00e8s sensibles autour des fronti\u00e8res isra\u00e9lo-palestiniennes \u00e0 travers l\u2019histoire.<\/p>\n<p><img decoding=\"async\" class=\"alignnone  wp-image-628 aligncenter\" src=\"https:\/\/coursdedesinfox.blog.ac-lyon.fr\/wordpress\/wp-content\/uploads\/2021\/09\/Conflit-israel-palestine-300x133.png\" alt=\"\" width=\"329\" height=\"146\" srcset=\"https:\/\/coursdedesinfox.blog.ac-lyon.fr\/wordpress\/wp-content\/uploads\/2021\/09\/Conflit-israel-palestine-300x133.png 300w, https:\/\/coursdedesinfox.blog.ac-lyon.fr\/wordpress\/wp-content\/uploads\/2021\/09\/Conflit-israel-palestine-1024x452.png 1024w, https:\/\/coursdedesinfox.blog.ac-lyon.fr\/wordpress\/wp-content\/uploads\/2021\/09\/Conflit-israel-palestine.png 1200w\" sizes=\"(max-width: 329px) 100vw, 329px\" \/><\/p>\n<p style=\"text-align: center;\"><a href=\"http:\/\/quietube7.com\/v.php\/http:\/\/www.youtube.com\/watch?v=qGKRasIZMWg\">http:\/\/quietube7.com\/v.php\/http:\/\/www.youtube.com\/watch?v=qGKRasIZMWg<\/a><\/p>\n","protected":false},"excerpt":{"rendered":"<p>Le 28 janvier 2020, Donald Trump a pr\u00e9sent\u00e9 un \u201cplan de paix\u201d cens\u00e9 r\u00e9soudre le conflit isra\u00e9lo-palestinien. Tr\u00e8s avantageux pour Isra\u00ebl, ce projet a \u00e9t\u00e9 rejet\u00e9 en bloc par l&rsquo;Autorit\u00e9 &hellip; <\/p>\n<p class=\"link-more\"><a href=\"https:\/\/coursdedesinfox.blog.ac-lyon.fr\/wordpress\/2021\/09\/12\/le-conflit-israelo-palestinien\/\" class=\"more-link\">Continuer la lecture<span class=\"screen-reader-text\"> de &laquo;&nbsp;Le conflit isra\u00e9lo-palestinien&nbsp;&raquo;<\/span><\/a><\/p>\n","protected":false},"author":6,"featured_media":0,"comment_status":"closed","ping_status":"open","sticky":false,"template":"","format":"standard","meta":{"ngg_post_thumbnail":0,"_EventAllDay":false,"_EventTimezone":"","_EventStartDate":"","_EventEndDate":"","_EventStartDateUTC":"","_EventEndDateUTC":"","_EventShowMap":false,"_EventShowMapLink":false,"_EventURL":"","_EventCost":"","_EventCostDescription":"","_EventCurrencySymbol":"","_EventCurrencyCode":"","_EventCurrencyPosition":"","_EventDateTimeSeparator":"","_EventTimeRangeSeparator":"","_EventOrganizerID":[],"_EventVenueID":0,"_OrganizerEmail":"","_OrganizerPhone":"","_OrganizerWebsite":"","_VenueAddress":"","_VenueCity":"","_VenueCountry":"","_VenueProvince":"","_VenueZip":"","_VenuePhone":"","_VenueURL":"","_VenueStateProvince":"","_VenueLat":"","_VenueLng":"","footnotes":""},"categories":[149],"tags":[153,150,154,152,151],"class_list":["post-627","post","type-post","status-publish","format-standard","hentry","category-israel-palestine","tag-cartes","tag-conflit-israelo-palestinien","tag-frontieres","tag-guerres-israelo-arabes","tag-onu"],"_links":{"self":[{"href":"https:\/\/coursdedesinfox.blog.ac-lyon.fr\/wordpress\/wp-json\/wp\/v2\/posts\/627","targetHints":{"allow":["GET"]}}],"collection":[{"href":"https:\/\/coursdedesinfox.blog.ac-lyon.fr\/wordpress\/wp-json\/wp\/v2\/posts"}],"about":[{"href":"https:\/\/coursdedesinfox.blog.ac-lyon.fr\/wordpress\/wp-json\/wp\/v2\/types\/post"}],"author":[{"embeddable":true,"href":"https:\/\/coursdedesinfox.blog.ac-lyon.fr\/wordpress\/wp-json\/wp\/v2\/users\/6"}],"replies":[{"embeddable":true,"href":"https:\/\/coursdedesinfox.blog.ac-lyon.fr\/wordpress\/wp-json\/wp\/v2\/comments?post=627"}],"version-history":[{"count":1,"href":"https:\/\/coursdedesinfox.blog.ac-lyon.fr\/wordpress\/wp-json\/wp\/v2\/posts\/627\/revisions"}],"predecessor-version":[{"id":629,"href":"https:\/\/coursdedesinfox.blog.ac-lyon.fr\/wordpress\/wp-json\/wp\/v2\/posts\/627\/revisions\/629"}],"wp:attachment":[{"href":"https:\/\/coursdedesinfox.blog.ac-lyon.fr\/wordpress\/wp-json\/wp\/v2\/media?parent=627"}],"wp:term":[{"taxonomy":"category","embeddable":true,"href":"https:\/\/coursdedesinfox.blog.ac-lyon.fr\/wordpress\/wp-json\/wp\/v2\/categories?post=627"},{"taxonomy":"post_tag","embeddable":true,"href":"https:\/\/coursdedesinfox.blog.ac-lyon.fr\/wordpress\/wp-json\/wp\/v2\/tags?post=627"}],"curies":[{"name":"wp","href":"https:\/\/api.w.org\/{rel}","templated":true}]}}