{"id":633,"date":"2021-09-12T17:01:07","date_gmt":"2021-09-12T15:01:07","guid":{"rendered":"https:\/\/coursdedesinfox.blog.ac-lyon.fr\/wordpress\/?p=633"},"modified":"2021-09-12T17:05:05","modified_gmt":"2021-09-12T15:05:05","slug":"le-11-septembre-2001-ou-lentree-dans-le-complotisme-a-grande-echelle","status":"publish","type":"post","link":"https:\/\/coursdedesinfox.blog.ac-lyon.fr\/wordpress\/2021\/09\/12\/le-11-septembre-2001-ou-lentree-dans-le-complotisme-a-grande-echelle\/","title":{"rendered":"Le 11 septembre 2001 ou l&rsquo;entr\u00e9e dans le complotisme \u00e0 grande \u00e9chelle."},"content":{"rendered":"\n<p style=\"text-align: justify;\">Pour l&rsquo;historienne Marie Peltier, le 11-Septembre marque l&rsquo;entr\u00e9e du monde dans l&rsquo;\u00e8re du complotisme. Les th\u00e8ses conspirationnistes, qui prolif\u00e8rent d\u00e9sormais sur les r\u00e9seaux sociaux, sont les sympt\u00f4mes d&rsquo;une soci\u00e9t\u00e9 malade de ses fractures. A l&rsquo;occasion des comm\u00e9morations des attaques terroristes, <em><strong>franceinfo<\/strong><\/em> a interview\u00e9 cette sp\u00e9cialiste\u00a0du sujet, autrice notamment d&rsquo;<em>Obsession\u00a0: dans les coulisses du r\u00e9cit complotiste<\/em>\u00a0(Ed. Inculte, 2018).<\/p>\n<p>Un entretien avec l&rsquo;historienne \u00e0 lire <a href=\"https:\/\/www.francetvinfo.fr\/monde\/usa\/attentats-du-11-septembre-2001\/grand-entretien-comment-le-11-septembre-a-ouvert-la-voie-au-complotisme-a-grande-echelle_4764351.html#xtor=EPR-51-[grand-entretien-comment-le-11-septembre-a-ouvert-la-voie-au-complotisme-a-grande-echelle_4764351]-20210912-[bouton]\"><strong>ici<\/strong><\/a><\/p>\n<p><img decoding=\"async\" class=\"alignnone  wp-image-634 aligncenter\" src=\"https:\/\/coursdedesinfox.blog.ac-lyon.fr\/wordpress\/wp-content\/uploads\/2021\/09\/11-sept-2001-300x191.jpg\" alt=\"\" width=\"404\" height=\"257\" srcset=\"https:\/\/coursdedesinfox.blog.ac-lyon.fr\/wordpress\/wp-content\/uploads\/2021\/09\/11-sept-2001-300x191.jpg 300w, https:\/\/coursdedesinfox.blog.ac-lyon.fr\/wordpress\/wp-content\/uploads\/2021\/09\/11-sept-2001.jpg 906w\" sizes=\"(max-width: 404px) 100vw, 404px\" \/><\/p>\n","protected":false},"excerpt":{"rendered":"<p>Pour l&rsquo;historienne Marie Peltier, le 11-Septembre marque l&rsquo;entr\u00e9e du monde dans l&rsquo;\u00e8re du complotisme. Les th\u00e8ses conspirationnistes, qui prolif\u00e8rent d\u00e9sormais sur les r\u00e9seaux sociaux, sont les sympt\u00f4mes d&rsquo;une soci\u00e9t\u00e9 malade &hellip; <\/p>\n<p class=\"link-more\"><a href=\"https:\/\/coursdedesinfox.blog.ac-lyon.fr\/wordpress\/2021\/09\/12\/le-11-septembre-2001-ou-lentree-dans-le-complotisme-a-grande-echelle\/\" class=\"more-link\">Continuer la lecture<span class=\"screen-reader-text\"> de &laquo;&nbsp;Le 11 septembre 2001 ou l&rsquo;entr\u00e9e dans le complotisme \u00e0 grande \u00e9chelle.&nbsp;&raquo;<\/span><\/a><\/p>\n","protected":false},"author":6,"featured_media":0,"comment_status":"closed","ping_status":"open","sticky":false,"template":"","format":"standard","meta":{"ngg_post_thumbnail":0,"_EventAllDay":false,"_EventTimezone":"","_EventStartDate":"","_EventEndDate":"","_EventStartDateUTC":"","_EventEndDateUTC":"","_EventShowMap":false,"_EventShowMapLink":false,"_EventURL":"","_EventCost":"","_EventCostDescription":"","_EventCurrencySymbol":"","_EventCurrencyCode":"","_EventCurrencyPosition":"","_EventDateTimeSeparator":"","_EventTimeRangeSeparator":"","_EventOrganizerID":[],"_EventVenueID":0,"_OrganizerEmail":"","_OrganizerPhone":"","_OrganizerWebsite":"","_VenueAddress":"","_VenueCity":"","_VenueCountry":"","_VenueProvince":"","_VenueZip":"","_VenuePhone":"","_VenueURL":"","_VenueStateProvince":"","_VenueLat":"","_VenueLng":"","footnotes":""},"categories":[3],"tags":[146,155,34,157,156,140],"class_list":["post-633","post","type-post","status-publish","format-standard","hentry","category-a-la-une","tag-11-septembre-2001","tag-attentats-terroristes","tag-complotisme","tag-marie-pletier","tag-theories-du-complot","tag-wtc"],"_links":{"self":[{"href":"https:\/\/coursdedesinfox.blog.ac-lyon.fr\/wordpress\/wp-json\/wp\/v2\/posts\/633","targetHints":{"allow":["GET"]}}],"collection":[{"href":"https:\/\/coursdedesinfox.blog.ac-lyon.fr\/wordpress\/wp-json\/wp\/v2\/posts"}],"about":[{"href":"https:\/\/coursdedesinfox.blog.ac-lyon.fr\/wordpress\/wp-json\/wp\/v2\/types\/post"}],"author":[{"embeddable":true,"href":"https:\/\/coursdedesinfox.blog.ac-lyon.fr\/wordpress\/wp-json\/wp\/v2\/users\/6"}],"replies":[{"embeddable":true,"href":"https:\/\/coursdedesinfox.blog.ac-lyon.fr\/wordpress\/wp-json\/wp\/v2\/comments?post=633"}],"version-history":[{"count":3,"href":"https:\/\/coursdedesinfox.blog.ac-lyon.fr\/wordpress\/wp-json\/wp\/v2\/posts\/633\/revisions"}],"predecessor-version":[{"id":637,"href":"https:\/\/coursdedesinfox.blog.ac-lyon.fr\/wordpress\/wp-json\/wp\/v2\/posts\/633\/revisions\/637"}],"wp:attachment":[{"href":"https:\/\/coursdedesinfox.blog.ac-lyon.fr\/wordpress\/wp-json\/wp\/v2\/media?parent=633"}],"wp:term":[{"taxonomy":"category","embeddable":true,"href":"https:\/\/coursdedesinfox.blog.ac-lyon.fr\/wordpress\/wp-json\/wp\/v2\/categories?post=633"},{"taxonomy":"post_tag","embeddable":true,"href":"https:\/\/coursdedesinfox.blog.ac-lyon.fr\/wordpress\/wp-json\/wp\/v2\/tags?post=633"}],"curies":[{"name":"wp","href":"https:\/\/api.w.org\/{rel}","templated":true}]}}