{"id":652,"date":"2021-09-19T18:38:39","date_gmt":"2021-09-19T16:38:39","guid":{"rendered":"https:\/\/coursdedesinfox.blog.ac-lyon.fr\/wordpress\/?p=652"},"modified":"2021-09-19T18:40:57","modified_gmt":"2021-09-19T16:40:57","slug":"un-banque-de-donnees-sur-le-conflit-israelo-palestinien","status":"publish","type":"post","link":"https:\/\/coursdedesinfox.blog.ac-lyon.fr\/wordpress\/2021\/09\/19\/un-banque-de-donnees-sur-le-conflit-israelo-palestinien\/","title":{"rendered":"Un banque de donn\u00e9es sur le conflit isra\u00e9lo-palestinien"},"content":{"rendered":"\n<p>Le conflit isra\u00e9lo-palestinien de 1917 \u00e0 nos jours \u00e0 retrouver sur le site <a href=\"https:\/\/www.lumni.fr\/dossier\/israel-palestine-histoire-d-un-conflit\">LUMNI<\/a>.\u00a0<\/p>\n\n\n\n<p><\/p>\n","protected":false},"excerpt":{"rendered":"<p>Le conflit isra\u00e9lo-palestinien de 1917 \u00e0 nos jours \u00e0 retrouver sur le site LUMNI.\u00a0<\/p>\n","protected":false},"author":6,"featured_media":0,"comment_status":"closed","ping_status":"open","sticky":false,"template":"","format":"standard","meta":{"ngg_post_thumbnail":0,"_EventAllDay":false,"_EventTimezone":"","_EventStartDate":"","_EventEndDate":"","_EventStartDateUTC":"","_EventEndDateUTC":"","_EventShowMap":false,"_EventShowMapLink":false,"_EventURL":"","_EventCost":"","_EventCostDescription":"","_EventCurrencySymbol":"","_EventCurrencyCode":"","_EventCurrencyPosition":"","_EventDateTimeSeparator":"","_EventTimeRangeSeparator":"","_EventOrganizerID":[],"_EventVenueID":0,"_OrganizerEmail":"","_OrganizerPhone":"","_OrganizerWebsite":"","_VenueAddress":"","_VenueCity":"","_VenueCountry":"","_VenueProvince":"","_VenueZip":"","_VenuePhone":"","_VenueURL":"","_VenueStateProvince":"","_VenueLat":"","_VenueLng":"","footnotes":""},"categories":[149],"tags":[164,153,165,152,163,166,167,169,168],"class_list":["post-652","post","type-post","status-publish","format-standard","hentry","category-israel-palestine","tag-balfour","tag-cartes","tag-etat-disrael","tag-guerres-israelo-arabes","tag-histoire-du-conflit-israelo-palestinien","tag-nasser","tag-olp","tag-shimon-peres","tag-six-jours"],"_links":{"self":[{"href":"https:\/\/coursdedesinfox.blog.ac-lyon.fr\/wordpress\/wp-json\/wp\/v2\/posts\/652","targetHints":{"allow":["GET"]}}],"collection":[{"href":"https:\/\/coursdedesinfox.blog.ac-lyon.fr\/wordpress\/wp-json\/wp\/v2\/posts"}],"about":[{"href":"https:\/\/coursdedesinfox.blog.ac-lyon.fr\/wordpress\/wp-json\/wp\/v2\/types\/post"}],"author":[{"embeddable":true,"href":"https:\/\/coursdedesinfox.blog.ac-lyon.fr\/wordpress\/wp-json\/wp\/v2\/users\/6"}],"replies":[{"embeddable":true,"href":"https:\/\/coursdedesinfox.blog.ac-lyon.fr\/wordpress\/wp-json\/wp\/v2\/comments?post=652"}],"version-history":[{"count":1,"href":"https:\/\/coursdedesinfox.blog.ac-lyon.fr\/wordpress\/wp-json\/wp\/v2\/posts\/652\/revisions"}],"predecessor-version":[{"id":653,"href":"https:\/\/coursdedesinfox.blog.ac-lyon.fr\/wordpress\/wp-json\/wp\/v2\/posts\/652\/revisions\/653"}],"wp:attachment":[{"href":"https:\/\/coursdedesinfox.blog.ac-lyon.fr\/wordpress\/wp-json\/wp\/v2\/media?parent=652"}],"wp:term":[{"taxonomy":"category","embeddable":true,"href":"https:\/\/coursdedesinfox.blog.ac-lyon.fr\/wordpress\/wp-json\/wp\/v2\/categories?post=652"},{"taxonomy":"post_tag","embeddable":true,"href":"https:\/\/coursdedesinfox.blog.ac-lyon.fr\/wordpress\/wp-json\/wp\/v2\/tags?post=652"}],"curies":[{"name":"wp","href":"https:\/\/api.w.org\/{rel}","templated":true}]}}