{"id":654,"date":"2021-09-19T18:46:20","date_gmt":"2021-09-19T16:46:20","guid":{"rendered":"https:\/\/coursdedesinfox.blog.ac-lyon.fr\/wordpress\/?p=654"},"modified":"2021-09-19T18:47:45","modified_gmt":"2021-09-19T16:47:45","slug":"le-conflit-israelo-palestinien-une-histoire-sans-fin","status":"publish","type":"post","link":"https:\/\/coursdedesinfox.blog.ac-lyon.fr\/wordpress\/2021\/09\/19\/le-conflit-israelo-palestinien-une-histoire-sans-fin\/","title":{"rendered":"Le conflit isra\u00e9lo-palestinien : une histoire sans fin ?"},"content":{"rendered":"\n<p style=\"text-align: justify;\">La cha\u00eene France 24 revient sur le regain de violences au Proche-Orient, apr\u00e8s deux semaines d&rsquo;hostilit\u00e9 entre Isra\u00e9liens et Palestiniens en mai 2021. Entre bombardements de la bande de Gaza d&rsquo;un c\u00f4t\u00e9 et tirs de roquettes par le Hamas de l&rsquo;autre, la tension ne retombe pas. L&rsquo;occasion pour \u00e9clairer les causes et les cons\u00e9quences de ce nouveau conflit et\u00a0 le\u00a0 r\u00f4le joue la communaut\u00e9 internationale, tout en revenant sur l&rsquo;histoire g\u00e9n\u00e9rale des affrontements \u00e0 partir de la fin du mandat britannique en 1947.\u00a0<\/p>\n<p style=\"text-align: justify;\">Un reportage \u00e0 retrouver <a href=\"https:\/\/www.france24.com\/fr\/%C3%A9missions\/express-orient\/20210519-conflit-isra%C3%A9lo-palestinien-une-histoire-sans-fin\">ici<\/a>.\u00a0\u00a0<\/p>\n","protected":false},"excerpt":{"rendered":"<p>La cha\u00eene France 24 revient sur le regain de violences au Proche-Orient, apr\u00e8s deux semaines d&rsquo;hostilit\u00e9 entre Isra\u00e9liens et Palestiniens en mai 2021. Entre bombardements de la bande de Gaza &hellip; <\/p>\n<p class=\"link-more\"><a href=\"https:\/\/coursdedesinfox.blog.ac-lyon.fr\/wordpress\/2021\/09\/19\/le-conflit-israelo-palestinien-une-histoire-sans-fin\/\" class=\"more-link\">Continuer la lecture<span class=\"screen-reader-text\"> de &laquo;&nbsp;Le conflit isra\u00e9lo-palestinien : une histoire sans fin ?&nbsp;&raquo;<\/span><\/a><\/p>\n","protected":false},"author":6,"featured_media":0,"comment_status":"closed","ping_status":"open","sticky":false,"template":"","format":"standard","meta":{"ngg_post_thumbnail":0,"_EventAllDay":false,"_EventTimezone":"","_EventStartDate":"","_EventEndDate":"","_EventStartDateUTC":"","_EventEndDateUTC":"","_EventShowMap":false,"_EventShowMapLink":false,"_EventURL":"","_EventCost":"","_EventCostDescription":"","_EventCurrencySymbol":"","_EventCurrencyCode":"","_EventCurrencyPosition":"","_EventDateTimeSeparator":"","_EventTimeRangeSeparator":"","_EventOrganizerID":[],"_EventVenueID":0,"_OrganizerEmail":"","_OrganizerPhone":"","_OrganizerWebsite":"","_VenueAddress":"","_VenueCity":"","_VenueCountry":"","_VenueProvince":"","_VenueZip":"","_VenuePhone":"","_VenueURL":"","_VenueStateProvince":"","_VenueLat":"","_VenueLng":"","footnotes":""},"categories":[149],"tags":[171,164,153,172,165,152,163,170,166,167,169,168],"class_list":["post-654","post","type-post","status-publish","format-standard","hentry","category-israel-palestine","tag-171","tag-balfour","tag-cartes","tag-communaute-internationale","tag-etat-disrael","tag-guerres-israelo-arabes","tag-histoire-du-conflit-israelo-palestinien","tag-mandat-britannique","tag-nasser","tag-olp","tag-shimon-peres","tag-six-jours"],"_links":{"self":[{"href":"https:\/\/coursdedesinfox.blog.ac-lyon.fr\/wordpress\/wp-json\/wp\/v2\/posts\/654","targetHints":{"allow":["GET"]}}],"collection":[{"href":"https:\/\/coursdedesinfox.blog.ac-lyon.fr\/wordpress\/wp-json\/wp\/v2\/posts"}],"about":[{"href":"https:\/\/coursdedesinfox.blog.ac-lyon.fr\/wordpress\/wp-json\/wp\/v2\/types\/post"}],"author":[{"embeddable":true,"href":"https:\/\/coursdedesinfox.blog.ac-lyon.fr\/wordpress\/wp-json\/wp\/v2\/users\/6"}],"replies":[{"embeddable":true,"href":"https:\/\/coursdedesinfox.blog.ac-lyon.fr\/wordpress\/wp-json\/wp\/v2\/comments?post=654"}],"version-history":[{"count":1,"href":"https:\/\/coursdedesinfox.blog.ac-lyon.fr\/wordpress\/wp-json\/wp\/v2\/posts\/654\/revisions"}],"predecessor-version":[{"id":655,"href":"https:\/\/coursdedesinfox.blog.ac-lyon.fr\/wordpress\/wp-json\/wp\/v2\/posts\/654\/revisions\/655"}],"wp:attachment":[{"href":"https:\/\/coursdedesinfox.blog.ac-lyon.fr\/wordpress\/wp-json\/wp\/v2\/media?parent=654"}],"wp:term":[{"taxonomy":"category","embeddable":true,"href":"https:\/\/coursdedesinfox.blog.ac-lyon.fr\/wordpress\/wp-json\/wp\/v2\/categories?post=654"},{"taxonomy":"post_tag","embeddable":true,"href":"https:\/\/coursdedesinfox.blog.ac-lyon.fr\/wordpress\/wp-json\/wp\/v2\/tags?post=654"}],"curies":[{"name":"wp","href":"https:\/\/api.w.org\/{rel}","templated":true}]}}